{"id":7426,"date":"2021-06-19T14:27:08","date_gmt":"2021-06-19T12:27:08","guid":{"rendered":"http:\/\/www.softball.hr\/?p=7426"},"modified":"2021-06-20T09:35:09","modified_gmt":"2021-06-20T07:35:09","slug":"europsko-prevenstvo-za-muske-seniore","status":"publish","type":"post","link":"https:\/\/www.softball.hr\/en\/europsko-prevenstvo-za-muske-seniore\/","title":{"rendered":"Europsko prevenstvo za mu\u0161ke seniore!"},"content":{"rendered":"De\u010dki su \u010dekali 3 godine da mogu ponovo obu\u0107i dres hrvatske reprezentacije i napokon je do\u0161ao taj dan. Hrvatska mu\u0161ka seniorska softball reprezentacija nastupa na Europskoj smotri od 21.06. do 26.06.2021. u \u010ce\u0161koj. Gradovi doma\u0107ini su Ledenice i Sezimovo Usti.\nIzbornik Luka Mekti\u0107 vodi 17 igra\u010da sa sobom na put u \u010ce\u0161ku, a njegov stru\u010dni sto\u017eer se sastoji od direktora reprezentacije Ivana Loborec i trenera\/igra\u010da Damira Mandi\u0107a.\n\n<!-- \/wp:paragraph -->\n\n<!-- wp:image -->\n\n<!-- \/wp:image -->\n\n<!-- wp:paragraph -->\n\nHrvatski sudac koji \u0107e nas zastupati na Europskom prvenstvu je Tomislav Ozimec.\n\nOvo je popis reprezentativaca koji \u0107e braniti boje crveno-bijelo-plavi:\n\n<!-- \/wp:paragraph -->\n\n<!-- wp:table -->\n<figure class=\"wp-block-table\">\n<table>\n<tbody>\n<tr>\n<td><strong>1<\/strong><\/td>\n<td><strong>Mekti\u0107<\/strong><\/td>\n<td><strong>Luka<\/strong><\/td>\n<\/tr>\n<tr>\n<td><strong>2<\/strong><\/td>\n<td><strong>Belas<\/strong><\/td>\n<td><strong>Kristijan<\/strong><\/td>\n<\/tr>\n<tr>\n<td><strong>3<\/strong><\/td>\n<td><strong>Njuhovi\u0107<\/strong><\/td>\n<td><strong>Mirza<\/strong><\/td>\n<\/tr>\n<tr>\n<td><strong>4<\/strong><\/td>\n<td><strong>Ivan\u010di\u0107<\/strong><\/td>\n<td><strong>Marko<\/strong><\/td>\n<\/tr>\n<tr>\n<td><strong>5<\/strong><\/td>\n<td><strong>Mandi\u0107<\/strong><\/td>\n<td><strong>Damir<\/strong><\/td>\n<\/tr>\n<tr>\n<td><strong>6<\/strong><\/td>\n<td><strong>Balent<\/strong><\/td>\n<td><strong>Matija<\/strong><\/td>\n<\/tr>\n<tr>\n<td><strong>7<\/strong><\/td>\n<td><strong>Jerbi\u0107<\/strong><\/td>\n<td><strong>Hrvoje<\/strong><\/td>\n<\/tr>\n<tr>\n<td><strong>8<\/strong><\/td>\n<td><strong>Gu\u0161tin<\/strong><\/td>\n<td><strong>Dario<\/strong><\/td>\n<\/tr>\n<tr>\n<td><strong>9<\/strong><\/td>\n<td><strong>Antolovi\u0107<\/strong><\/td>\n<td><strong>Danijel<\/strong><\/td>\n<\/tr>\n<tr>\n<td><strong>10<\/strong><\/td>\n<td><strong>Kamenski<\/strong><\/td>\n<td><strong>Matej<\/strong><\/td>\n<\/tr>\n<tr>\n<td><strong>11<\/strong><\/td>\n<td><strong>Magdaleni\u0107<\/strong><\/td>\n<td><strong>Alen<\/strong><\/td>\n<\/tr>\n<tr>\n<td><strong>12<\/strong><\/td>\n<td><strong>Ko\u0161ti\u0107<\/strong><\/td>\n<td><strong>Denis<\/strong><\/td>\n<\/tr>\n<tr>\n<td><strong>13<\/strong><\/td>\n<td><strong>Andrejevi\u0107<\/strong><\/td>\n<td><strong>Antun<\/strong><\/td>\n<\/tr>\n<tr>\n<td><strong>14<\/strong><\/td>\n<td><strong>Sokol<\/strong><\/td>\n<td><strong>Irvin<\/strong><\/td>\n<\/tr>\n<tr>\n<td><strong>15<\/strong><\/td>\n<td><strong>Brajsovac<\/strong><\/td>\n<td><strong>Kristijan<\/strong><\/td>\n<\/tr>\n<tr>\n<td><strong>16<\/strong><\/td>\n<td><strong>Rilovi\u0107<\/strong><\/td>\n<td><strong>Luka<\/strong><\/td>\n<\/tr>\n<tr>\n<td><strong>17<\/strong><\/td>\n<td><strong>Kukolja<\/strong><\/td>\n<td><strong>Bruno<\/strong><\/td>\n<\/tr>\n<\/tbody>\n<\/table>\n<\/figure>\n<!-- \/wp:table -->\n\n<!-- wp:paragraph -->\n\nRaspored svih utakmica nalazi se na linku:\u00a0<a href=\"https:\/\/europeansoftball.org\/data\/competitions\/schedules\/184_MECh2021-pdf-website.pdf\" target=\"_blank\" rel=\"noreferrer noopener\">https:\/\/europeansoftball.org\/data\/competitions\/schedules\/184_MECh2021-pdf-website.pdf<\/a>\n\n<!-- \/wp:paragraph -->\n\n<!-- wp:paragraph -->\n\nHrvatska reprezentacija otvara prvenstvo 21.06.2021. u 10:00h protiv Danske.\nNaprijed na\u0161i!","protected":false},"excerpt":{"rendered":"<p>De\u010dki su \u010dekali 3 godine da mogu ponovo obu\u0107i dres hrvatske reprezentacije i napokon je do\u0161ao taj dan. Hrvatska mu\u0161ka seniorska softball reprezentacija nastupa na Europskoj smotri od 21.06. do 26.06.2021. u \u010ce\u0161koj. Gradovi doma\u0107ini su Ledenice i Sezimovo Usti. Izbornik Luka Mekti\u0107 vodi 17 igra\u010da sa sobom na put u \u010ce\u0161ku, a njegov stru\u010dni<\/p>\n<p class=\"readmore\"><a class=\"btn-readmore\" href=\"https:\/\/www.softball.hr\/en\/europsko-prevenstvo-za-muske-seniore\/\">Continue Reading &rarr;<\/a><\/p>\n","protected":false},"author":18,"featured_media":7428,"comment_status":"closed","ping_status":"closed","sticky":false,"template":"","format":"standard","meta":[],"categories":[8,10,9],"tags":[],"translation":{"provider":"WPGlobus","version":"2.6.5","language":"en","enabled_languages":["hr","en"],"languages":{"hr":{"title":true,"content":true,"excerpt":false},"en":{"title":false,"content":false,"excerpt":false}}},"_links":{"self":[{"href":"https:\/\/www.softball.hr\/en\/wp-json\/wp\/v2\/posts\/7426"}],"collection":[{"href":"https:\/\/www.softball.hr\/en\/wp-json\/wp\/v2\/posts"}],"about":[{"href":"https:\/\/www.softball.hr\/en\/wp-json\/wp\/v2\/types\/post"}],"author":[{"embeddable":true,"href":"https:\/\/www.softball.hr\/en\/wp-json\/wp\/v2\/users\/18"}],"replies":[{"embeddable":true,"href":"https:\/\/www.softball.hr\/en\/wp-json\/wp\/v2\/comments?post=7426"}],"version-history":[{"count":3,"href":"https:\/\/www.softball.hr\/en\/wp-json\/wp\/v2\/posts\/7426\/revisions"}],"predecessor-version":[{"id":7431,"href":"https:\/\/www.softball.hr\/en\/wp-json\/wp\/v2\/posts\/7426\/revisions\/7431"}],"wp:featuredmedia":[{"embeddable":true,"href":"https:\/\/www.softball.hr\/en\/wp-json\/wp\/v2\/media\/7428"}],"wp:attachment":[{"href":"https:\/\/www.softball.hr\/en\/wp-json\/wp\/v2\/media?parent=7426"}],"wp:term":[{"taxonomy":"category","embeddable":true,"href":"https:\/\/www.softball.hr\/en\/wp-json\/wp\/v2\/categories?post=7426"},{"taxonomy":"post_tag","embeddable":true,"href":"https:\/\/www.softball.hr\/en\/wp-json\/wp\/v2\/tags?post=7426"}],"curies":[{"name":"wp","href":"https:\/\/api.w.org\/{rel}","templated":true}]}}